{"id":1647,"date":"2024-11-20T09:00:52","date_gmt":"2024-11-20T09:00:52","guid":{"rendered":"https:\/\/asociacionaccionistasbancosabadell.com\/carta-de-l-asociacion-d-accionistes-minoritaris-del-banc-sabadell-al-consell-d-administracio-del-bbva\/"},"modified":"2024-11-27T12:48:52","modified_gmt":"2024-11-27T12:48:52","slug":"carta-de-l-asociacion-d-accionistes-minoritaris-del-banc-sabadell-al-consell-d-administracio-del-bbva","status":"publish","type":"post","link":"https:\/\/asociacionaccionistasbancosabadell.com\/ca\/carta-de-l-asociacion-d-accionistes-minoritaris-del-banc-sabadell-al-consell-d-administracio-del-bbva\/","title":{"rendered":"Carta de l&#8217;Associaci\u00f3 d&#8217;Accionistes Minoritaris del Banc Sabadell al Consell d&#8217;Administraci\u00f3 de BBVA"},"content":{"rendered":"<ul>\n<li><strong>L\u2019Associaci\u00f3 reclama al BBVA tota la informaci\u00f3 que durant mesos no ha facilitat.<\/strong><\/li>\n<li><strong>Es tracta d\u2019una operaci\u00f3 que destrueix valor, amb una prima inferior al 5%.<\/strong><\/li>\n<\/ul>\n<p><em>Sabadell, 20 de novembre de 2024.<\/em> Des de l\u2019Associaci\u00f3 d\u2019Accionistes Minoritaris del Banc Sabadell, presidida per Jordi Casas Bed\u00f3s, ens dirigim al president del BBVA, Carlos Torres, per agrair-li l\u2019inter\u00e8s mostrat pels accionistes del Banc Sabadell mitjan\u00e7ant la campanya publicit\u00e0ria desplegada als carrers i als mitjans de comunicaci\u00f3 durant la jornada d\u2019avui.<\/p>\n<p>Tot i aix\u00ed, ens agradaria recordar-li que portem mesos demanant una s\u00e8rie d\u2019informacions que considerem claus per avaluar una oferta que, des del coneixement que tenim, \u00fanicament destrueix valor.<\/p>\n<p>Expliqueu-nos tota la informaci\u00f3 que necessitem per prendre una decisi\u00f3. Encara necessitem con\u00e8ixer els aspectes seg\u00fcents:<\/p>\n<ul>\n<li><strong>El cost real de la reestructuraci\u00f3<\/strong>, incloent-hi totes les implicacions econ\u00f2miques i operatives<\/li>\n<li><strong>Les sinergies reals<\/strong> derivades de l\u2019operaci\u00f3, especialment les d&#8217;ingressos<\/li>\n<li><strong>L&#8217;impacte en el capital de BBVA<\/strong><\/li>\n<li><strong>L\u2019expectativa de dividends a rebre<\/strong><\/li>\n<li><strong>Els n\u00fameros en cas que es concreti l\u2019OPA, per\u00f2 no es dugui a terme la fusi\u00f3<\/strong>, un escenari que ha de ser considerat<\/li>\n<li><strong>L\u2019impacte de M\u00e8xic en els comptes del BBVA<\/strong>, particularment en el context dels canvis pol\u00edtics despr\u00e9s de la nova presid\u00e8ncia als Estats Units i a M\u00e8xic.<\/li>\n<\/ul>\n<p>De moment, sabem que aquesta operaci\u00f3 implicar\u00e0 l\u2019acomiadament, d\u2019almenys, 4.000 persones.<\/p>\n<p>\u00c9s important recordar que l\u2019oferta inicial, que rondava els 12.000 milions d\u2019euros, s\u2019ha redu\u00eft a menys de 10.000 milions en l\u2019actualitat, i que amb l\u2019equaci\u00f3 de bescanvi plantejada estan oferint una prima inferior al 5%. Davant d\u2019aquestes xifres, des de l\u2019Associaci\u00f3 d\u2019Accionistes Minoritaris del Banc Sabadell nom\u00e9s ens podem preguntar: T\u00e9 algun avantatge real aquesta operaci\u00f3?<br \/>\nSense tota aquesta informaci\u00f3, que vost\u00e8s es neguen a fer p\u00fablica, la nostra valoraci\u00f3 de l\u2019operaci\u00f3, igual que la de gran part de la societat civil, \u00e9s molt negativa. Una major concentraci\u00f3 banc\u00e0ria implicar\u00e0 menys oferta per a les empreses, menys finan\u00e7ament per a les pimes i, en general, pitjors condicions per als clients.<\/p>\n<p>Encara no \u00e9s el moment que els accionistes prenguem una decisi\u00f3 definitiva, at\u00e8s que la Comissi\u00f3 Nacional dels Mercats i la Compet\u00e8ncia (CNMC) continua la seva an\u00e0lisi sobre els efectes de l&#8217;operaci\u00f3, un proc\u00e9s que s&#8217;estendr\u00e0, almenys, fins al mes de juny.<\/p>\n<p>Com a president de l\u2019Associaci\u00f3 d\u2019Accionistes Minoritaris del Banc Sabadell l\u2019insto a aportar amb transpar\u00e8ncia i claredat totes aquelles dades que portem mesos sol\u00b7licitant-li. Atentament,<br \/>\nJordi Casas Bed\u00f3s, president de l\u2019Associaci\u00f3 d\u2019Accionistes Minoritaris del Banc Sabadell<\/p>\n","protected":false},"excerpt":{"rendered":"<p>Carta de l&#8217;Associaci\u00f3 d&#8217;Accionistes Minoritaris del Banc Sabadell al Consell d&#8217;Administraci\u00f3 de BBVA<\/p>\n","protected":false},"author":1,"featured_media":1652,"comment_status":"open","ping_status":"closed","sticky":false,"template":"","format":"standard","meta":{"footnotes":""},"categories":[171],"tags":[],"class_list":["post-1647","post","type-post","status-publish","format-standard","has-post-thumbnail","hentry","category-actualitat"],"_links":{"self":[{"href":"https:\/\/asociacionaccionistasbancosabadell.com\/ca\/wp-json\/wp\/v2\/posts\/1647","targetHints":{"allow":["GET"]}}],"collection":[{"href":"https:\/\/asociacionaccionistasbancosabadell.com\/ca\/wp-json\/wp\/v2\/posts"}],"about":[{"href":"https:\/\/asociacionaccionistasbancosabadell.com\/ca\/wp-json\/wp\/v2\/types\/post"}],"author":[{"embeddable":true,"href":"https:\/\/asociacionaccionistasbancosabadell.com\/ca\/wp-json\/wp\/v2\/users\/1"}],"replies":[{"embeddable":true,"href":"https:\/\/asociacionaccionistasbancosabadell.com\/ca\/wp-json\/wp\/v2\/comments?post=1647"}],"version-history":[{"count":2,"href":"https:\/\/asociacionaccionistasbancosabadell.com\/ca\/wp-json\/wp\/v2\/posts\/1647\/revisions"}],"predecessor-version":[{"id":1709,"href":"https:\/\/asociacionaccionistasbancosabadell.com\/ca\/wp-json\/wp\/v2\/posts\/1647\/revisions\/1709"}],"wp:featuredmedia":[{"embeddable":true,"href":"https:\/\/asociacionaccionistasbancosabadell.com\/ca\/wp-json\/wp\/v2\/media\/1652"}],"wp:attachment":[{"href":"https:\/\/asociacionaccionistasbancosabadell.com\/ca\/wp-json\/wp\/v2\/media?parent=1647"}],"wp:term":[{"taxonomy":"category","embeddable":true,"href":"https:\/\/asociacionaccionistasbancosabadell.com\/ca\/wp-json\/wp\/v2\/categories?post=1647"},{"taxonomy":"post_tag","embeddable":true,"href":"https:\/\/asociacionaccionistasbancosabadell.com\/ca\/wp-json\/wp\/v2\/tags?post=1647"}],"curies":[{"name":"wp","href":"https:\/\/api.w.org\/{rel}","templated":true}]}}