{"id":1714,"date":"2024-11-15T09:00:16","date_gmt":"2024-11-15T09:00:16","guid":{"rendered":"https:\/\/asociacionaccionistasbancosabadell.com\/?p=1714"},"modified":"2024-11-28T09:51:37","modified_gmt":"2024-11-28T09:51:37","slug":"l-associacio-d-accionistes-minoritaris-del-banc-sabadell-es-persona-en-expedient-de-l-opa-del-bbva","status":"publish","type":"post","link":"https:\/\/asociacionaccionistasbancosabadell.com\/ca\/l-associacio-d-accionistes-minoritaris-del-banc-sabadell-es-persona-en-expedient-de-l-opa-del-bbva\/","title":{"rendered":"L&#8217;Associaci\u00f3 d&#8217;Accionistes Minoritaris del Banc Sabadell es persona en expedient de l&#8217;OPA del BBVA"},"content":{"rendered":"<p>Sabadell, 15 de novembre de 2024. L\u2019Associaci\u00f3 d\u2019Accionistes Minoritaris del Banc Sabadell, presidida per Jordi Casas Bed\u00f3s, ha sol\u00b7licitat avui ser considerada part interessada en l\u2019expedient obert per la Comissi\u00f3 Nacional dels Mercats i la Compet\u00e8ncia (CNMC) en relaci\u00f3 amb l\u2019Oferta P\u00fablica d\u2019Adquisici\u00f3 (OPA) llan\u00e7ada pel Banco Bilbao Vizcaya Argentaria (BBVA) sobre el Banc Sabadell.<\/p>\n<p>En la seva petici\u00f3 davant la Direcci\u00f3 de Compet\u00e8ncia, l\u2019entitat que defensa els interessos dels accionistes minoritaris del Banc Sabadell al\u00b7lega representar els accionistes en l\u2019operaci\u00f3 de concentraci\u00f3, per la qual cosa tenen un inter\u00e8s directe en la resoluci\u00f3 final de l\u2019expedient. Aix\u00ed mateix, argumenten que l\u2019esdevenir del procediment resultar\u00e0 determinant per a les condicions i efectivitat de l\u2019OPA de BBVA, per la qual cosa demanen poder seguir de prop la tramitaci\u00f3 a fi d\u2019informar adequadament els seus associats perqu\u00e8 aquests puguin exercir els seus drets com a petits accionistes.<\/p>\n<p>L\u2019Associaci\u00f3 presidida per Jordi Casas Bed\u00f3s invoca la normativa de defensa de la compet\u00e8ncia que empara el seu dret a ser considerada part interessada, tal com consta en la sol\u00b7licitud remesa.<\/p>\n","protected":false},"excerpt":{"rendered":"<p>L&#8217;Associaci\u00f3 d&#8217;Accionistes Minoritaris del Banc Sabadell es persona en expedient de l&#8217;OPA del BBVA<\/p>\n","protected":false},"author":1,"featured_media":1649,"comment_status":"closed","ping_status":"closed","sticky":false,"template":"","format":"standard","meta":{"footnotes":""},"categories":[171],"tags":[],"class_list":["post-1714","post","type-post","status-publish","format-standard","has-post-thumbnail","hentry","category-actualitat"],"_links":{"self":[{"href":"https:\/\/asociacionaccionistasbancosabadell.com\/ca\/wp-json\/wp\/v2\/posts\/1714","targetHints":{"allow":["GET"]}}],"collection":[{"href":"https:\/\/asociacionaccionistasbancosabadell.com\/ca\/wp-json\/wp\/v2\/posts"}],"about":[{"href":"https:\/\/asociacionaccionistasbancosabadell.com\/ca\/wp-json\/wp\/v2\/types\/post"}],"author":[{"embeddable":true,"href":"https:\/\/asociacionaccionistasbancosabadell.com\/ca\/wp-json\/wp\/v2\/users\/1"}],"replies":[{"embeddable":true,"href":"https:\/\/asociacionaccionistasbancosabadell.com\/ca\/wp-json\/wp\/v2\/comments?post=1714"}],"version-history":[{"count":4,"href":"https:\/\/asociacionaccionistasbancosabadell.com\/ca\/wp-json\/wp\/v2\/posts\/1714\/revisions"}],"predecessor-version":[{"id":1720,"href":"https:\/\/asociacionaccionistasbancosabadell.com\/ca\/wp-json\/wp\/v2\/posts\/1714\/revisions\/1720"}],"wp:featuredmedia":[{"embeddable":true,"href":"https:\/\/asociacionaccionistasbancosabadell.com\/ca\/wp-json\/wp\/v2\/media\/1649"}],"wp:attachment":[{"href":"https:\/\/asociacionaccionistasbancosabadell.com\/ca\/wp-json\/wp\/v2\/media?parent=1714"}],"wp:term":[{"taxonomy":"category","embeddable":true,"href":"https:\/\/asociacionaccionistasbancosabadell.com\/ca\/wp-json\/wp\/v2\/categories?post=1714"},{"taxonomy":"post_tag","embeddable":true,"href":"https:\/\/asociacionaccionistasbancosabadell.com\/ca\/wp-json\/wp\/v2\/tags?post=1714"}],"curies":[{"name":"wp","href":"https:\/\/api.w.org\/{rel}","templated":true}]}}