{"id":1890,"date":"2025-03-21T08:23:34","date_gmt":"2025-03-21T08:23:34","guid":{"rendered":"https:\/\/asociacionaccionistasbancosabadell.com\/?p=1890"},"modified":"2025-03-21T08:23:34","modified_gmt":"2025-03-21T08:23:34","slug":"lassociacio-daccionistes-minoritaris-de-banc-sabadell-valora-positivament-la-primera-junta-daccionistes-celebrada-a-sabadell-despres-del-retorn-de-la-seu","status":"publish","type":"post","link":"https:\/\/asociacionaccionistasbancosabadell.com\/ca\/lassociacio-daccionistes-minoritaris-de-banc-sabadell-valora-positivament-la-primera-junta-daccionistes-celebrada-a-sabadell-despres-del-retorn-de-la-seu\/","title":{"rendered":"L\u2019Associaci\u00f3 d\u2019Accionistes Minoritaris de Banc Sabadell valora positivament la primera Junta d\u2019Accionistes celebrada a Sabadell despr\u00e9s del retorn de la seu"},"content":{"rendered":"<p><strong>Sabadell, 21 de mar\u00e7 de 2025. <\/strong>Ahir, 20 de mar\u00e7, m\u00e9s de 1.300 accionistes es van reunir a la Fira de Sabadell per celebrar la Junta General Ordin\u00e0ria d\u2019Accionistes de Banc Sabadell que ser\u00e0 recordada pel retorn a les nostres arrels. M\u00e9s enll\u00e0 d\u2019una reuni\u00f3 corporativa, assistim a una fita hist\u00f2rica: la primera junta celebrada a Sabadell des que el banc va reubicar la seva seu social el 2017. Un retorn tan esperat com significatiu.<\/p>\n<p>Tornar a celebrar la Junta General d\u2019Accionistes a la ciutat que va veure n\u00e9ixer l\u2019entitat, despr\u00e9s de set anys, \u00e9s un acte d\u2019identitat, de tornar a l\u2019essencial, al que som. En un moment clau en la hist\u00f2ria de l\u2019entitat, el banc reafirma el seu comprom\u00eds amb Sabadell, amb Catalunya i amb tots els seus accionistes. Sabadell torna a ser l\u2019epicentre de les nostres decisions, casa nostra, el lloc on tot va comen\u00e7ar.<\/p>\n<p>Davant l\u2019OPA hostil llan\u00e7ada pel BBVA, des de l\u2019Associaci\u00f3 d\u2019Accionistes Minoritaris de Banc Sabadell seguim defensant amb fermesa que el banc, com a entitat independent, t\u00e9 un potencial de creixement i d\u2019\u00e8xit molt m\u00e9s gran que el que podria assolir-se sota una estructura integrada amb un altre banc. Banc Sabadell t\u00e9 una marca s\u00f2lida, una base de clients fidel i una visi\u00f3 estrat\u00e8gica que el posiciona per a un futur ple d\u2019oportunitats. L\u2019OPA del BBVA destrueix valor i frenaria el potencial que t\u00e9 com a entitat independent, una entitat que sempre ha demostrat resili\u00e8ncia i adaptabilitat en moments dif\u00edcils.<\/p>\n<p>Durant la Junta, a m\u00e9s d\u2019abordar temes clau com la distribuci\u00f3 de dividends i el programa de recompra d\u2019accions, tamb\u00e9 es va reafirmar la confian\u00e7a dipositada en l\u2019equip directiu. La reelecci\u00f3 de C\u00e9sar Gonz\u00e1lez-Bueno com a Conseller Executiu i de Manuel Valls Morat\u00f3 com a Conseller Independent, juntament amb el nomenament de Mar\u00eda Gloria Hern\u00e1ndez Garc\u00eda i Margarita Salvans Puigb\u00f2 com a Conselleres Independents, Banc Sabadell garanteix el seu \u00e8xit per als pr\u00f2xims anys.<\/p>\n<p>Des de l\u2019Associaci\u00f3 d\u2019Accionistes Minoritaris de Banc Sabadell estem compromesos amb seguir donant suport a aquest proc\u00e9s de creixement i consolidaci\u00f3. Units, continuarem treballant per garantir que la veu de tots els accionistes s\u2019escolti i perqu\u00e8, junts, puguem continuar escrivint aquesta hist\u00f2ria.<\/p>\n","protected":false},"excerpt":{"rendered":"<p>L\u2019Associaci\u00f3 d\u2019Accionistes Minoritaris de Banc Sabadell valora positivament la primera Junta d\u2019Accionistes celebrada a Sabadell despr\u00e9s del retorn de la seu<\/p>\n","protected":false},"author":3,"featured_media":1888,"comment_status":"closed","ping_status":"closed","sticky":false,"template":"","format":"standard","meta":{"footnotes":""},"categories":[],"tags":[],"class_list":["post-1890","post","type-post","status-publish","format-standard","has-post-thumbnail","hentry"],"_links":{"self":[{"href":"https:\/\/asociacionaccionistasbancosabadell.com\/ca\/wp-json\/wp\/v2\/posts\/1890","targetHints":{"allow":["GET"]}}],"collection":[{"href":"https:\/\/asociacionaccionistasbancosabadell.com\/ca\/wp-json\/wp\/v2\/posts"}],"about":[{"href":"https:\/\/asociacionaccionistasbancosabadell.com\/ca\/wp-json\/wp\/v2\/types\/post"}],"author":[{"embeddable":true,"href":"https:\/\/asociacionaccionistasbancosabadell.com\/ca\/wp-json\/wp\/v2\/users\/3"}],"replies":[{"embeddable":true,"href":"https:\/\/asociacionaccionistasbancosabadell.com\/ca\/wp-json\/wp\/v2\/comments?post=1890"}],"version-history":[{"count":2,"href":"https:\/\/asociacionaccionistasbancosabadell.com\/ca\/wp-json\/wp\/v2\/posts\/1890\/revisions"}],"predecessor-version":[{"id":1892,"href":"https:\/\/asociacionaccionistasbancosabadell.com\/ca\/wp-json\/wp\/v2\/posts\/1890\/revisions\/1892"}],"wp:featuredmedia":[{"embeddable":true,"href":"https:\/\/asociacionaccionistasbancosabadell.com\/ca\/wp-json\/wp\/v2\/media\/1888"}],"wp:attachment":[{"href":"https:\/\/asociacionaccionistasbancosabadell.com\/ca\/wp-json\/wp\/v2\/media?parent=1890"}],"wp:term":[{"taxonomy":"category","embeddable":true,"href":"https:\/\/asociacionaccionistasbancosabadell.com\/ca\/wp-json\/wp\/v2\/categories?post=1890"},{"taxonomy":"post_tag","embeddable":true,"href":"https:\/\/asociacionaccionistasbancosabadell.com\/ca\/wp-json\/wp\/v2\/tags?post=1890"}],"curies":[{"name":"wp","href":"https:\/\/api.w.org\/{rel}","templated":true}]}}