{"id":2015,"date":"2025-06-27T12:55:02","date_gmt":"2025-06-27T12:55:02","guid":{"rendered":"https:\/\/asociacionaccionistasbancosabadell.com\/?p=2015"},"modified":"2025-06-27T12:55:02","modified_gmt":"2025-06-27T12:55:02","slug":"resposta-de-la-direccion-general-de-tributos-a-la-consulta-sobre-fiscalitat-presentada-per-lassociacio","status":"publish","type":"post","link":"https:\/\/asociacionaccionistasbancosabadell.com\/ca\/resposta-de-la-direccion-general-de-tributos-a-la-consulta-sobre-fiscalitat-presentada-per-lassociacio\/","title":{"rendered":"Resposta de la Direcci\u00f3n General de Tributos a la consulta sobre fiscalitat presentada per l&#8217;Associaci\u00f3"},"content":{"rendered":"<p>A continuaci\u00f3, pot consultar-se la resposta de la Direcci\u00f3 General de Tributs (DGT) a la consulta presentada per l&#8217;Associaci\u00f3 d&#8217;Accionistes Minoritaris de Banc Sabadell, en la qual s&#8217;analitza el tractament fiscal de l&#8217;OPA de BBVA sobre Banc Sabadell.<\/p>\n<p>Per motius de protecci\u00f3 de dades personals, s&#8217;han eliminat les primeres p\u00e0gines de la resoluci\u00f3 original: <span style=\"color: #0000ff\"><strong><a style=\"color: #0000ff\" href=\"https:\/\/asociacionaccionistasbancosabadell.com\/wp-content\/uploads\/2025\/06\/Resolucion-consulta-Asociacion-Accionistas-Minoritarios-Banco-Sabadell-a-Direccion-General-de-Tributos-1.pdf\">Ressoluci\u00f3 consulta Associaci\u00f3 Accionistes Minoritaris Banc Sabadell a Direcci\u00f3n General de Tributos<\/a><\/strong><\/span><\/p>\n","protected":false},"excerpt":{"rendered":"<p>Resposta de la Direcci\u00f3n General de Tributos a la consulta sobre fiscalitat presentada per l&#8217;Associaci\u00f3<\/p>\n","protected":false},"author":3,"featured_media":2009,"comment_status":"closed","ping_status":"closed","sticky":false,"template":"","format":"standard","meta":{"footnotes":""},"categories":[171],"tags":[],"class_list":["post-2015","post","type-post","status-publish","format-standard","has-post-thumbnail","hentry","category-actualitat"],"_links":{"self":[{"href":"https:\/\/asociacionaccionistasbancosabadell.com\/ca\/wp-json\/wp\/v2\/posts\/2015","targetHints":{"allow":["GET"]}}],"collection":[{"href":"https:\/\/asociacionaccionistasbancosabadell.com\/ca\/wp-json\/wp\/v2\/posts"}],"about":[{"href":"https:\/\/asociacionaccionistasbancosabadell.com\/ca\/wp-json\/wp\/v2\/types\/post"}],"author":[{"embeddable":true,"href":"https:\/\/asociacionaccionistasbancosabadell.com\/ca\/wp-json\/wp\/v2\/users\/3"}],"replies":[{"embeddable":true,"href":"https:\/\/asociacionaccionistasbancosabadell.com\/ca\/wp-json\/wp\/v2\/comments?post=2015"}],"version-history":[{"count":1,"href":"https:\/\/asociacionaccionistasbancosabadell.com\/ca\/wp-json\/wp\/v2\/posts\/2015\/revisions"}],"predecessor-version":[{"id":2019,"href":"https:\/\/asociacionaccionistasbancosabadell.com\/ca\/wp-json\/wp\/v2\/posts\/2015\/revisions\/2019"}],"wp:featuredmedia":[{"embeddable":true,"href":"https:\/\/asociacionaccionistasbancosabadell.com\/ca\/wp-json\/wp\/v2\/media\/2009"}],"wp:attachment":[{"href":"https:\/\/asociacionaccionistasbancosabadell.com\/ca\/wp-json\/wp\/v2\/media?parent=2015"}],"wp:term":[{"taxonomy":"category","embeddable":true,"href":"https:\/\/asociacionaccionistasbancosabadell.com\/ca\/wp-json\/wp\/v2\/categories?post=2015"},{"taxonomy":"post_tag","embeddable":true,"href":"https:\/\/asociacionaccionistasbancosabadell.com\/ca\/wp-json\/wp\/v2\/tags?post=2015"}],"curies":[{"name":"wp","href":"https:\/\/api.w.org\/{rel}","templated":true}]}}