{"id":2024,"date":"2025-07-16T12:42:55","date_gmt":"2025-07-16T12:42:55","guid":{"rendered":"https:\/\/asociacionaccionistasbancosabadell.com\/?p=2024"},"modified":"2025-07-16T12:44:11","modified_gmt":"2025-07-16T12:44:11","slug":"lassociacio-daccionistes-minoritaris-de-banc-sabadell-demana-el-vot-favorable-a-la-venda-de-tsb-i-al-dividend-extraordinari-a-la-junta-del-6-dagost","status":"publish","type":"post","link":"https:\/\/asociacionaccionistasbancosabadell.com\/ca\/lassociacio-daccionistes-minoritaris-de-banc-sabadell-demana-el-vot-favorable-a-la-venda-de-tsb-i-al-dividend-extraordinari-a-la-junta-del-6-dagost\/","title":{"rendered":"L\u2019Associaci\u00f3 d\u2019Accionistes Minoritaris de Banc Sabadell demana el vot favorable a la venda de TSB i al dividend extraordinari a la Junta del 6 d\u2019agost"},"content":{"rendered":"<p><strong>Sabadell, 16 de juliol de 2025.<\/strong> L\u2019Associaci\u00f3 d\u2019Accionistes Minoritaris de Banc Sabadell insta tots els seus socis a participar activament en la Junta General Extraordin\u00e0ria d\u2019Accionistes, convocada per al pr\u00f2xim 6 d\u2019agost de 2025 a la Fira de Sabadell.<\/p>\n<p>L\u2019Associaci\u00f3 subratlla la import\u00e0ncia d\u2019assistir-hi personalment o, si aix\u00f2 no \u00e9s possible, de delegar el vot amb antelaci\u00f3, per garantir una representaci\u00f3 efectiva dels accionistes minoritaris en un moment clau per al futur del banc.<\/p>\n<p>La Junta se celebrar\u00e0 en dues convocat\u00f2ries successives el mateix dia:<\/p>\n<ul>\n<li>A les 10.00 hores, es tractar\u00e0 l\u2019autoritzaci\u00f3 per a la venda de la totalitat del capital social de la filial TSB Banking Group plc.<\/li>\n<li>A les 13.00 hores, s\u2019abordar\u00e0 l\u2019aprovaci\u00f3 d\u2019un dividend extraordinari en efectiu de 0,50 euros (bruts) per acci\u00f3, condicionat a la venda de TSB.<\/li>\n<\/ul>\n<p><strong>L\u2019organitzaci\u00f3 recomana votar favorablement tant a l\u2019autoritzaci\u00f3 per a la venda de TSB com a l\u2019aprovaci\u00f3 del dividend extraordinari<\/strong>, considerant-los punts estrat\u00e8gics per al refor\u00e7ament financer del banc i la retribuci\u00f3 dels accionistes.<\/p>\n<p>A m\u00e9s, recorda als accionistes que el Banc Sabadell ha habilitat diverses vies per a l\u2019emissi\u00f3 i delegaci\u00f3 de vot a dist\u00e0ncia, incloent-hi el correu postal, les seves oficines, BS Online, BS M\u00f2bil i la p\u00e0gina web corporativa.<\/p>\n<p>Per facilitar l\u2019acc\u00e9s a tota la informaci\u00f3 oficial i detallada sobre la convocat\u00f2ria, es recomana consultar l\u2019apartat espec\u00edfic habilitat per l\u2019entitat a la seva p\u00e0gina web:<strong><span style=\"color: #0000ff\"> <a style=\"color: #0000ff\" href=\"https:\/\/www.grupbancsabadell.com\/corp\/es\/accionistas-e-inversores\/junta-general-de-accionistas.html\" target=\"_blank\" rel=\"noopener\">https:\/\/www.grupbancsabadell.com\/corp\/es\/accionistas-e-inversores\/junta-general-de-accionistas.html<\/a><\/span><\/strong><\/p>\n<p>L\u2019Associaci\u00f3 d\u2019Accionistes Minoritaris reitera la import\u00e0ncia de la participaci\u00f3 i la unitat del vot minoritari en aquesta cita decisiva.<\/p>\n","protected":false},"excerpt":{"rendered":"<p>L\u2019Associaci\u00f3 d\u2019Accionistes Minoritaris de Banc Sabadell demana el vot favorable a la venda de TSB i al dividend extraordinari a la Junta del 6 d\u2019agost<\/p>\n","protected":false},"author":3,"featured_media":2025,"comment_status":"closed","ping_status":"closed","sticky":false,"template":"","format":"standard","meta":{"footnotes":""},"categories":[1],"tags":[],"class_list":["post-2024","post","type-post","status-publish","format-standard","has-post-thumbnail","hentry","category-sin-categorizar"],"_links":{"self":[{"href":"https:\/\/asociacionaccionistasbancosabadell.com\/ca\/wp-json\/wp\/v2\/posts\/2024","targetHints":{"allow":["GET"]}}],"collection":[{"href":"https:\/\/asociacionaccionistasbancosabadell.com\/ca\/wp-json\/wp\/v2\/posts"}],"about":[{"href":"https:\/\/asociacionaccionistasbancosabadell.com\/ca\/wp-json\/wp\/v2\/types\/post"}],"author":[{"embeddable":true,"href":"https:\/\/asociacionaccionistasbancosabadell.com\/ca\/wp-json\/wp\/v2\/users\/3"}],"replies":[{"embeddable":true,"href":"https:\/\/asociacionaccionistasbancosabadell.com\/ca\/wp-json\/wp\/v2\/comments?post=2024"}],"version-history":[{"count":3,"href":"https:\/\/asociacionaccionistasbancosabadell.com\/ca\/wp-json\/wp\/v2\/posts\/2024\/revisions"}],"predecessor-version":[{"id":2030,"href":"https:\/\/asociacionaccionistasbancosabadell.com\/ca\/wp-json\/wp\/v2\/posts\/2024\/revisions\/2030"}],"wp:featuredmedia":[{"embeddable":true,"href":"https:\/\/asociacionaccionistasbancosabadell.com\/ca\/wp-json\/wp\/v2\/media\/2025"}],"wp:attachment":[{"href":"https:\/\/asociacionaccionistasbancosabadell.com\/ca\/wp-json\/wp\/v2\/media?parent=2024"}],"wp:term":[{"taxonomy":"category","embeddable":true,"href":"https:\/\/asociacionaccionistasbancosabadell.com\/ca\/wp-json\/wp\/v2\/categories?post=2024"},{"taxonomy":"post_tag","embeddable":true,"href":"https:\/\/asociacionaccionistasbancosabadell.com\/ca\/wp-json\/wp\/v2\/tags?post=2024"}],"curies":[{"name":"wp","href":"https:\/\/api.w.org\/{rel}","templated":true}]}}