{"id":2059,"date":"2025-09-05T11:10:13","date_gmt":"2025-09-05T11:10:13","guid":{"rendered":"https:\/\/asociacionaccionistasbancosabadell.com\/?p=2059"},"modified":"2025-09-05T11:10:13","modified_gmt":"2025-09-05T11:10:13","slug":"lassociacio-daccionistes-minoritaris-de-banc-sabadell-considera-ofensiva-loferta-del-bbva","status":"publish","type":"post","link":"https:\/\/asociacionaccionistasbancosabadell.com\/ca\/lassociacio-daccionistes-minoritaris-de-banc-sabadell-considera-ofensiva-loferta-del-bbva\/","title":{"rendered":"L\u2019Associaci\u00f3 d\u2019Accionistes Minoritaris de Banc Sabadell considera ofensiva l\u2019oferta del BBVA"},"content":{"rendered":"<p><strong>Sabadell, 5 de setembre de 2025. <\/strong>L\u2019Associaci\u00f3 d\u2019Accionistes Minoritaris del Banc Sabadell (AAMBS) considera que l\u2019oferta realitzada pel BBVA en el seu fullet de l\u2019OPA \u00e9s ofensiva pels seg\u00fcents motius:<\/p>\n<ol>\n<li><strong>El BBVA no ha millorat la seva oferta inicial<\/strong>. En el seu fullet no s\u2019ha dignat ni a actualitzar la seva oferta, deixant el preu original: mant\u00e9 el bescanvi en 1 acci\u00f3 deL BBVA m\u00e9s 0,70 \u20ac en efectiu per cada 5,5483 accions del Sabadell. Aix\u00f2 suposa pagar al voltant d\u2019un 10% menys del valor de mercat de les accions en borsa. Un <strong>intent evident de comprar barat.<\/strong><\/li>\n<\/ol>\n<ol start=\"2\">\n<li><strong>Vol entrar per la porta del darrere. <\/strong>Conscient que no assolir\u00e0 el 50% del capital, el BBVA es reserva l\u2019opci\u00f3 de rebaixar el llindar al 30%, amb la qual cosa aspira a controlar el banc sense comptar amb la meitat dels seus accionistes.<strong style=\"font-size: inherit\">\u00a0<\/strong><\/li>\n<\/ol>\n<ol start=\"3\">\n<li><strong>M\u00e9s impostos per a l\u2019accionista.<\/strong> El mateix fullet reconeix que el bescanvi suposar\u00e0 un major cost fiscal per als accionistes de Banc Sabadell, obligant-los a assumir una c\u00e0rrega impositiva afegida com a conseq\u00fc\u00e8ncia de l\u2019operaci\u00f3.<\/li>\n<\/ol>\n<ol start=\"4\">\n<li><strong>Dividends a la baixa.<\/strong> BBVA anuncia que, en cas d\u2019\u00e8xit de l\u2019operaci\u00f3, revisar\u00e0 la pol\u00edtica de dividends del Sabadell a la baixa, perjudicant directament l\u2019accionista minoritari.<\/li>\n<\/ol>\n<p>Des de l\u2019Associaci\u00f3 d\u2019Accionistes Minoritaris de Banc Sabadell reiterem la nostra posici\u00f3 que aquesta <strong>OPA destrueix valor<\/strong> per als accionistes minoritaris, que ja es beneficien del creixement i dels dividends del Sabadell en solitari. El bescanvi proposat pel BBVA continua sent incert i no compensa el potencial del Banc Sabadell.<\/p>\n<p>Per tot aix\u00f2, l\u2019Associaci\u00f3 considera que el BBVA pret\u00e9n fer-se amb el control del Banc Sabadell \u201ca preu de rebaixes\u201d, traslladant el cost d\u2019aquesta operaci\u00f3 als accionistes minoritaris. A m\u00e9s, el BBVA oculta que, <strong>si no assoleix el 50% del capital, estaria obligat a plantejar una OPA en efectiu molt m\u00e9s beneficiosa per als accionistes que el bescanvi actual<\/strong>.<\/p>\n","protected":false},"excerpt":{"rendered":"<p>L\u2019Associaci\u00f3 d\u2019Accionistes Minoritaris de Banc Sabadell considera ofensiva l\u2019oferta del BBVA<\/p>\n","protected":false},"author":3,"featured_media":2054,"comment_status":"closed","ping_status":"closed","sticky":false,"template":"","format":"standard","meta":{"footnotes":""},"categories":[171],"tags":[],"class_list":["post-2059","post","type-post","status-publish","format-standard","has-post-thumbnail","hentry","category-actualitat"],"_links":{"self":[{"href":"https:\/\/asociacionaccionistasbancosabadell.com\/ca\/wp-json\/wp\/v2\/posts\/2059","targetHints":{"allow":["GET"]}}],"collection":[{"href":"https:\/\/asociacionaccionistasbancosabadell.com\/ca\/wp-json\/wp\/v2\/posts"}],"about":[{"href":"https:\/\/asociacionaccionistasbancosabadell.com\/ca\/wp-json\/wp\/v2\/types\/post"}],"author":[{"embeddable":true,"href":"https:\/\/asociacionaccionistasbancosabadell.com\/ca\/wp-json\/wp\/v2\/users\/3"}],"replies":[{"embeddable":true,"href":"https:\/\/asociacionaccionistasbancosabadell.com\/ca\/wp-json\/wp\/v2\/comments?post=2059"}],"version-history":[{"count":2,"href":"https:\/\/asociacionaccionistasbancosabadell.com\/ca\/wp-json\/wp\/v2\/posts\/2059\/revisions"}],"predecessor-version":[{"id":2061,"href":"https:\/\/asociacionaccionistasbancosabadell.com\/ca\/wp-json\/wp\/v2\/posts\/2059\/revisions\/2061"}],"wp:featuredmedia":[{"embeddable":true,"href":"https:\/\/asociacionaccionistasbancosabadell.com\/ca\/wp-json\/wp\/v2\/media\/2054"}],"wp:attachment":[{"href":"https:\/\/asociacionaccionistasbancosabadell.com\/ca\/wp-json\/wp\/v2\/media?parent=2059"}],"wp:term":[{"taxonomy":"category","embeddable":true,"href":"https:\/\/asociacionaccionistasbancosabadell.com\/ca\/wp-json\/wp\/v2\/categories?post=2059"},{"taxonomy":"post_tag","embeddable":true,"href":"https:\/\/asociacionaccionistasbancosabadell.com\/ca\/wp-json\/wp\/v2\/tags?post=2059"}],"curies":[{"name":"wp","href":"https:\/\/api.w.org\/{rel}","templated":true}]}}