{"id":2068,"date":"2025-09-08T14:09:40","date_gmt":"2025-09-08T14:09:40","guid":{"rendered":"https:\/\/asociacionaccionistasbancosabadell.com\/?p=2068"},"modified":"2025-09-08T14:12:58","modified_gmt":"2025-09-08T14:12:58","slug":"lopinio-dels-accionistes-minoritaris-al-centre-del-debat-sobre-lopa","status":"publish","type":"post","link":"https:\/\/asociacionaccionistasbancosabadell.com\/ca\/lopinio-dels-accionistes-minoritaris-al-centre-del-debat-sobre-lopa\/","title":{"rendered":"L&#8217;opini\u00f3 dels accionistes minoritaris al centre del debat sobre l&#8217;OPA"},"content":{"rendered":"<p><strong>Sabadell, 8 de setembre de 2025.<\/strong> En els darrers dies, nombrosos mitjans de comunicaci\u00f3 s&#8217;han fet ress\u00f2 de la postura de l&#8217;Associaci\u00f3 d&#8217;Accionistes Minoritaris de Banc Sabadell davant de l&#8217;OPA llan\u00e7ada pel BBVA. L&#8217;atenci\u00f3 medi\u00e0tica confirma que entrem en un per\u00edode decisiu del proc\u00e9s, en qu\u00e8 els accionistes han de comptar amb tota la informaci\u00f3 per prendre la millor decisi\u00f3.<\/p>\n<p>La nostra posici\u00f3 ha quedat clara i ha estat reflectida a la premsa: l&#8217;oferta de BBVA \u00e9s ofensiva i perjudica directament els accionistes minoritaris.<\/p>\n<p>L&#8217;Associaci\u00f3 ha denunciat en premsa escrita, en l\u00ednia, TV i r\u00e0dio que la proposta de BBVA infravalora Banc Sabadell en un 10% respecte a la cotitzaci\u00f3 de mercat, trasllada m\u00e9s impostos als minoritaris i planteja una rebaixa en la pol\u00edtica de dividends, alhora que pret\u00e9n controlar l&#8217;entitat amb nom\u00e9s un 30% del capital.<\/p>\n<p><strong>\u201cBBVA vol fer-se amb Sabadell a preu de rebaixes, i que siguin els minoritaris els qui paguin la factura\u201d<\/strong><\/p>\n<p>Per a l&#8217;AAMBS, aquest ress\u00f2 p\u00fablic reflecteix que l&#8217;OPA no nom\u00e9s destrueix valor per als accionistes de Banc Sabadell, sin\u00f3 que tamb\u00e9 genera un debat creixent sobre les seves implicacions en el sistema financer espanyol.<\/p>\n<p><span data-ccp-props=\"{&quot;335551550&quot;:6,&quot;335551620&quot;:6}\">\u00a0<\/span><\/p>\n","protected":false},"excerpt":{"rendered":"<p>L&#8217;opini\u00f3 dels accionistes minoritaris al centre del debat sobre l&#8217;OPA<\/p>\n","protected":false},"author":3,"featured_media":2063,"comment_status":"closed","ping_status":"closed","sticky":false,"template":"","format":"standard","meta":{"footnotes":""},"categories":[],"tags":[],"class_list":["post-2068","post","type-post","status-publish","format-standard","has-post-thumbnail","hentry"],"_links":{"self":[{"href":"https:\/\/asociacionaccionistasbancosabadell.com\/ca\/wp-json\/wp\/v2\/posts\/2068","targetHints":{"allow":["GET"]}}],"collection":[{"href":"https:\/\/asociacionaccionistasbancosabadell.com\/ca\/wp-json\/wp\/v2\/posts"}],"about":[{"href":"https:\/\/asociacionaccionistasbancosabadell.com\/ca\/wp-json\/wp\/v2\/types\/post"}],"author":[{"embeddable":true,"href":"https:\/\/asociacionaccionistasbancosabadell.com\/ca\/wp-json\/wp\/v2\/users\/3"}],"replies":[{"embeddable":true,"href":"https:\/\/asociacionaccionistasbancosabadell.com\/ca\/wp-json\/wp\/v2\/comments?post=2068"}],"version-history":[{"count":4,"href":"https:\/\/asociacionaccionistasbancosabadell.com\/ca\/wp-json\/wp\/v2\/posts\/2068\/revisions"}],"predecessor-version":[{"id":2072,"href":"https:\/\/asociacionaccionistasbancosabadell.com\/ca\/wp-json\/wp\/v2\/posts\/2068\/revisions\/2072"}],"wp:featuredmedia":[{"embeddable":true,"href":"https:\/\/asociacionaccionistasbancosabadell.com\/ca\/wp-json\/wp\/v2\/media\/2063"}],"wp:attachment":[{"href":"https:\/\/asociacionaccionistasbancosabadell.com\/ca\/wp-json\/wp\/v2\/media?parent=2068"}],"wp:term":[{"taxonomy":"category","embeddable":true,"href":"https:\/\/asociacionaccionistasbancosabadell.com\/ca\/wp-json\/wp\/v2\/categories?post=2068"},{"taxonomy":"post_tag","embeddable":true,"href":"https:\/\/asociacionaccionistasbancosabadell.com\/ca\/wp-json\/wp\/v2\/tags?post=2068"}],"curies":[{"name":"wp","href":"https:\/\/api.w.org\/{rel}","templated":true}]}}