{"id":2100,"date":"2025-09-15T14:33:34","date_gmt":"2025-09-15T14:33:34","guid":{"rendered":"https:\/\/asociacionaccionistasbancosabadell.com\/?p=2100"},"modified":"2025-09-15T14:37:47","modified_gmt":"2025-09-15T14:37:47","slug":"per-que-no-parla-el-bbva-de-limpacte-fiscal-de-lopa","status":"publish","type":"post","link":"https:\/\/asociacionaccionistasbancosabadell.com\/ca\/per-que-no-parla-el-bbva-de-limpacte-fiscal-de-lopa\/","title":{"rendered":"Per qu\u00e8 no parla el BBVA de l&#8217;impacte fiscal de l&#8217;OPA?"},"content":{"rendered":"<p>A continuaci\u00f3 compartim la tribuna d&#8217;opini\u00f3 del president de l&#8217;Associaci\u00f3 d&#8217;Accionistes Minoritaris del Banc Sabadell, Jordi Casas, publicada en el mitj\u00e0 de comunicaci\u00f3 VIA Empresa.<\/p>\n<div>\n<p>Casas posa el focus en un aspecte clau de l&#8217;OPA presentada pel BBVA sobre el Banc Sabadell: l&#8217;impacte fiscal que tindria per als accionistes minoritaris. Segons la resposta d&#8217;Hisenda a la consulta realitzada per l&#8217;Associaci\u00f3, aquests haurien de tributar entre un 19% i un 29% de la part en met\u00e0l\u00b7lic rebuda, cosa que en molts casos suposaria pagar m\u00e9s impostos del que han cobrat.<\/p>\n<div>\n<p>El president denuncia que BBVA omet aquest element essencial en la seva proposta i recorda que el mateix Banc Sabadell presenta, ara com ara, millors perspectives de rendibilitat i dividends que l&#8217;entitat oferent.<\/p>\n<div>Llegeix l&#8217;article complet a VIA Empresa: <span style=\"color: #0000ff\"><a style=\"color: #0000ff\" href=\"https:\/\/www.viaempresa.cat\/opinio\/lopinio\/bbva-impacte-fiscal-opa-casas_2219261_102.html\" target=\"_blank\" rel=\"noopener\">https:\/\/www.viaempresa.cat\/opinio\/lopinio\/bbva-impacte-fiscal-opa-casas_2219261_102.html<\/a><\/span><\/div>\n<\/div>\n<\/div>\n<div><\/div>\n","protected":false},"excerpt":{"rendered":"<p>Per qu\u00e8 no parla el BBVA de l&#8217;impacte fiscal de l&#8217;OPA?<\/p>\n","protected":false},"author":3,"featured_media":2095,"comment_status":"closed","ping_status":"closed","sticky":false,"template":"","format":"standard","meta":{"footnotes":""},"categories":[1],"tags":[],"class_list":["post-2100","post","type-post","status-publish","format-standard","has-post-thumbnail","hentry","category-sin-categorizar"],"_links":{"self":[{"href":"https:\/\/asociacionaccionistasbancosabadell.com\/ca\/wp-json\/wp\/v2\/posts\/2100","targetHints":{"allow":["GET"]}}],"collection":[{"href":"https:\/\/asociacionaccionistasbancosabadell.com\/ca\/wp-json\/wp\/v2\/posts"}],"about":[{"href":"https:\/\/asociacionaccionistasbancosabadell.com\/ca\/wp-json\/wp\/v2\/types\/post"}],"author":[{"embeddable":true,"href":"https:\/\/asociacionaccionistasbancosabadell.com\/ca\/wp-json\/wp\/v2\/users\/3"}],"replies":[{"embeddable":true,"href":"https:\/\/asociacionaccionistasbancosabadell.com\/ca\/wp-json\/wp\/v2\/comments?post=2100"}],"version-history":[{"count":7,"href":"https:\/\/asociacionaccionistasbancosabadell.com\/ca\/wp-json\/wp\/v2\/posts\/2100\/revisions"}],"predecessor-version":[{"id":2111,"href":"https:\/\/asociacionaccionistasbancosabadell.com\/ca\/wp-json\/wp\/v2\/posts\/2100\/revisions\/2111"}],"wp:featuredmedia":[{"embeddable":true,"href":"https:\/\/asociacionaccionistasbancosabadell.com\/ca\/wp-json\/wp\/v2\/media\/2095"}],"wp:attachment":[{"href":"https:\/\/asociacionaccionistasbancosabadell.com\/ca\/wp-json\/wp\/v2\/media?parent=2100"}],"wp:term":[{"taxonomy":"category","embeddable":true,"href":"https:\/\/asociacionaccionistasbancosabadell.com\/ca\/wp-json\/wp\/v2\/categories?post=2100"},{"taxonomy":"post_tag","embeddable":true,"href":"https:\/\/asociacionaccionistasbancosabadell.com\/ca\/wp-json\/wp\/v2\/tags?post=2100"}],"curies":[{"name":"wp","href":"https:\/\/api.w.org\/{rel}","templated":true}]}}