{"id":2119,"date":"2025-09-12T15:44:22","date_gmt":"2025-09-12T15:44:22","guid":{"rendered":"https:\/\/asociacionaccionistasbancosabadell.com\/?p=2119"},"modified":"2025-09-15T15:48:09","modified_gmt":"2025-09-15T15:48:09","slug":"lassociacio-daccionistes-minoritaris-de-banc-sabadell-dona-suport-a-la-decisio-del-consell-i-insta-els-accionistes-a-no-acudir-a-lintercanvi","status":"publish","type":"post","link":"https:\/\/asociacionaccionistasbancosabadell.com\/ca\/lassociacio-daccionistes-minoritaris-de-banc-sabadell-dona-suport-a-la-decisio-del-consell-i-insta-els-accionistes-a-no-acudir-a-lintercanvi\/","title":{"rendered":"L\u2019Associaci\u00f3 d\u2019Accionistes Minoritaris de Banc Sabadell dona suport a la decisi\u00f3 del Consell i insta els accionistes a no acudir a l\u2019intercanvi"},"content":{"rendered":"<ul>\n<li>\n<h5>L\u2019organitzaci\u00f3 recorda als accionistes que no \u00e9s necessari realitzar cap tr\u00e0mit: la inacci\u00f3 equival a oposar-s\u2019hi.<\/h5>\n<\/li>\n<\/ul>\n<p><strong><br \/>\n<\/strong><strong>Sabadell, 12 de setembre de 2025.<\/strong> L\u2019Associaci\u00f3 d\u2019Accionistes Minoritaris de Banc Sabadell manifesta el seu ple suport a la decisi\u00f3 del Consell d\u2019Administraci\u00f3 de Banc Sabadell de rebutjar l\u2019oferta presentada pel BBVA. Aquesta postura coincideix amb la l\u00ednia defensada des del primer moment per l\u2019organitzaci\u00f3: l\u2019OPA destrueix valor, \u00e9s ofensiva i contr\u00e0ria als interessos dels accionistes.<\/p>\n<p>La proposta del BBVA no nom\u00e9s infravalora el Banc Sabadell, sin\u00f3 que obre la porta a prendre el control amb nom\u00e9s un 30% del capital, traslladant majors costos fiscals als minoritaris i rebaixant la pol\u00edtica de dividends. A m\u00e9s, la prima oferida \u00e9s negativa, la qual cosa significa que aquells que acudissin a l\u2019intercanvi acceptarien vendre per sota del valor de mercat i, en la pr\u00e0ctica, perdre diners respecte a mantenir les seves accions.<\/p>\n<p>L\u2019Associaci\u00f3 subratlla, igualment, que els accionistes que acudeixin a l\u2019OPA es quedarien sense percebre el dividend extraordinari de 0,50 \u20ac per acci\u00f3 derivat de la venda de TSB, una retribuci\u00f3 que refor\u00e7a la posici\u00f3 de Banc Sabadell com a entitat independent, rendible i amb capacitat de creixement.<\/p>\n<p>Els accionistes tenen a les seves mans la capacitat de defensar la seva inversi\u00f3 i el futur del banc. Per aix\u00f2, la millor manera de fer-ho \u00e9s mantenint la independ\u00e8ncia de Banc Sabadell i rebutjant una oferta que destrueix valor. En aquest sentit, la forma m\u00e9s senzilla de mostrar rebuig a l\u2019oferta \u00e9s no acudir a l\u2019intercanvi. No cal realitzar cap tr\u00e0mit addicional: la inacci\u00f3 suposa, de manera autom\u00e0tica, que les accions quedin fora de l\u2019operaci\u00f3 i es comptabilitzin com a oposici\u00f3 a l\u2019OPA.<\/p>\n","protected":false},"excerpt":{"rendered":"<p>L\u2019Associaci\u00f3 d\u2019Accionistes Minoritaris de Banc Sabadell dona suport a la decisi\u00f3 del Consell i insta els accionistes a no acudir a l\u2019intercanvi<\/p>\n","protected":false},"author":3,"featured_media":2115,"comment_status":"closed","ping_status":"closed","sticky":false,"template":"","format":"standard","meta":{"footnotes":""},"categories":[171],"tags":[],"class_list":["post-2119","post","type-post","status-publish","format-standard","has-post-thumbnail","hentry","category-actualitat"],"_links":{"self":[{"href":"https:\/\/asociacionaccionistasbancosabadell.com\/ca\/wp-json\/wp\/v2\/posts\/2119","targetHints":{"allow":["GET"]}}],"collection":[{"href":"https:\/\/asociacionaccionistasbancosabadell.com\/ca\/wp-json\/wp\/v2\/posts"}],"about":[{"href":"https:\/\/asociacionaccionistasbancosabadell.com\/ca\/wp-json\/wp\/v2\/types\/post"}],"author":[{"embeddable":true,"href":"https:\/\/asociacionaccionistasbancosabadell.com\/ca\/wp-json\/wp\/v2\/users\/3"}],"replies":[{"embeddable":true,"href":"https:\/\/asociacionaccionistasbancosabadell.com\/ca\/wp-json\/wp\/v2\/comments?post=2119"}],"version-history":[{"count":1,"href":"https:\/\/asociacionaccionistasbancosabadell.com\/ca\/wp-json\/wp\/v2\/posts\/2119\/revisions"}],"predecessor-version":[{"id":2120,"href":"https:\/\/asociacionaccionistasbancosabadell.com\/ca\/wp-json\/wp\/v2\/posts\/2119\/revisions\/2120"}],"wp:featuredmedia":[{"embeddable":true,"href":"https:\/\/asociacionaccionistasbancosabadell.com\/ca\/wp-json\/wp\/v2\/media\/2115"}],"wp:attachment":[{"href":"https:\/\/asociacionaccionistasbancosabadell.com\/ca\/wp-json\/wp\/v2\/media?parent=2119"}],"wp:term":[{"taxonomy":"category","embeddable":true,"href":"https:\/\/asociacionaccionistasbancosabadell.com\/ca\/wp-json\/wp\/v2\/categories?post=2119"},{"taxonomy":"post_tag","embeddable":true,"href":"https:\/\/asociacionaccionistasbancosabadell.com\/ca\/wp-json\/wp\/v2\/tags?post=2119"}],"curies":[{"name":"wp","href":"https:\/\/api.w.org\/{rel}","templated":true}]}}