{"id":2128,"date":"2025-09-22T13:31:46","date_gmt":"2025-09-22T13:31:46","guid":{"rendered":"https:\/\/asociacionaccionistasbancosabadell.com\/?p=2128"},"modified":"2025-09-22T13:32:48","modified_gmt":"2025-09-22T13:32:48","slug":"lassociacio-daccionistes-minoritaris-de-banc-sabadell-considera-que-loferta-es-pitjor-que-la-inicial-i-demana-a-la-cnmv-que-acabi-amb-aquesta-cerimonia-de-confusio","status":"publish","type":"post","link":"https:\/\/asociacionaccionistasbancosabadell.com\/ca\/lassociacio-daccionistes-minoritaris-de-banc-sabadell-considera-que-loferta-es-pitjor-que-la-inicial-i-demana-a-la-cnmv-que-acabi-amb-aquesta-cerimonia-de-confusio\/","title":{"rendered":"L\u2019Associaci\u00f3 d\u2019Accionistes Minoritaris de Banc Sabadell considera que l\u2019oferta \u00e9s pitjor que la inicial i demana a la CNMV que acabi amb aquesta cerim\u00f2nia de confusi\u00f3"},"content":{"rendered":"<ul>\n<li>\n<h6><strong>Per transpar\u00e8ncia, igualtat informativa i certesa al Mercat i als accionistes de Banc Sabadell <\/strong><\/h6>\n<\/li>\n<\/ul>\n<p><strong>Sabadell, 22 de setembre de 2025. <\/strong>El BBVA ha anunciat una millora de la seva oferta pel Banc Sabadell, per\u00f2 des de l\u2019Associaci\u00f3 d\u2019Accionistes Minoritaris de Banc Sabadell considerem que continua sent totalment insuficient per als interessos dels accionistes. Qualsevol oferta que no superi una prima del 30% \u00e9s impensable i no es pot comen\u00e7ar a valorar.<\/p>\n<p>Els accionistes que acudeixin a aquesta OPA afronten un greu risc fiscal: si no s\u2019assoleix el 50% d\u2019acceptaci\u00f3, hauran de tributar per les plusv\u00e0lues generades, quedant en una situaci\u00f3 clarament desfavorable. El BBVA no pot garantir si es pagaran o no impostos en cas de no arribar a aquest llindar, traslladant tota la incertesa al minoritari.<\/p>\n<p>La nova proposta \u00e9s, en realitat, pitjor que la inicial, ja que no aporta certeses ni resol els dubtes plantejats fins ara.<\/p>\n<p><strong>La cerim\u00f2nia de la confusi\u00f3<br \/>\n<\/strong>Durant tot el proc\u00e9s, el BBVA ha desplegat una aut\u00e8ntica \u201ccerim\u00f2nia de confusi\u00f3\u201d: missatges contradictoris, anuncis enganyosos i canvis de criteri constants. Una estrat\u00e8gia deliberada per desorientar el mercat i reduir el diferencial entre el preu inicial de l\u2019OPA i la cotitzaci\u00f3 de Banc Sabadell, augmentant aix\u00ed les possibilitats d\u2019\u00e8xit de la seva maniobra. Per aquest motiu, considerem que la CNMV hauria d\u2019exercir el seu paper d\u2019\u00e0rbitre per evitar la volatilitat de les accions.<\/p>\n<p><strong>Estrat\u00e8gia de por<br \/>\n<\/strong>El BBVA intenta conv\u00e8ncer els accionistes que la cotitzaci\u00f3 deL Banc Sabadell caur\u00e0 si l\u2019OPA fracassa. Es tracta d\u2019una especulaci\u00f3 sense fonament, l\u2019\u00fanic objectiu de la qual \u00e9s generar por.<\/p>\n<p>Hi ha la percepci\u00f3 que, al no assolir el 50%, el BBVA es veur\u00e0 for\u00e7at a llan\u00e7ar una segona OPA, millorada i en efectiu, cosa que confirma que l\u2019actual oferta no val la pena.<\/p>\n<p><strong>Banc Sabadell, m\u00e9s valor en solitari<br \/>\n<\/strong>Des de l\u2019Associaci\u00f3 d\u2019Accionistes Minoritaris de Banc Sabadell seguim defensant que el Sabadell t\u00e9 m\u00e9s recorregut en solitari que sota la integraci\u00f3 al BBVA. A m\u00e9s, qui vengui en aquestes condicions renuncia al dividend del TSB, sacrificant valor addicional per a l\u2019accionista.<\/p>\n","protected":false},"excerpt":{"rendered":"<p>L\u2019Associaci\u00f3 d\u2019Accionistes Minoritaris de Banc Sabadell considera que l\u2019oferta \u00e9s pitjor que la inicial i demana a la CNMV que acabi amb aquesta cerim\u00f2nia de confusi\u00f3<\/p>\n","protected":false},"author":3,"featured_media":2124,"comment_status":"closed","ping_status":"closed","sticky":false,"template":"","format":"standard","meta":{"footnotes":""},"categories":[171],"tags":[],"class_list":["post-2128","post","type-post","status-publish","format-standard","has-post-thumbnail","hentry","category-actualitat"],"_links":{"self":[{"href":"https:\/\/asociacionaccionistasbancosabadell.com\/ca\/wp-json\/wp\/v2\/posts\/2128","targetHints":{"allow":["GET"]}}],"collection":[{"href":"https:\/\/asociacionaccionistasbancosabadell.com\/ca\/wp-json\/wp\/v2\/posts"}],"about":[{"href":"https:\/\/asociacionaccionistasbancosabadell.com\/ca\/wp-json\/wp\/v2\/types\/post"}],"author":[{"embeddable":true,"href":"https:\/\/asociacionaccionistasbancosabadell.com\/ca\/wp-json\/wp\/v2\/users\/3"}],"replies":[{"embeddable":true,"href":"https:\/\/asociacionaccionistasbancosabadell.com\/ca\/wp-json\/wp\/v2\/comments?post=2128"}],"version-history":[{"count":3,"href":"https:\/\/asociacionaccionistasbancosabadell.com\/ca\/wp-json\/wp\/v2\/posts\/2128\/revisions"}],"predecessor-version":[{"id":2131,"href":"https:\/\/asociacionaccionistasbancosabadell.com\/ca\/wp-json\/wp\/v2\/posts\/2128\/revisions\/2131"}],"wp:featuredmedia":[{"embeddable":true,"href":"https:\/\/asociacionaccionistasbancosabadell.com\/ca\/wp-json\/wp\/v2\/media\/2124"}],"wp:attachment":[{"href":"https:\/\/asociacionaccionistasbancosabadell.com\/ca\/wp-json\/wp\/v2\/media?parent=2128"}],"wp:term":[{"taxonomy":"category","embeddable":true,"href":"https:\/\/asociacionaccionistasbancosabadell.com\/ca\/wp-json\/wp\/v2\/categories?post=2128"},{"taxonomy":"post_tag","embeddable":true,"href":"https:\/\/asociacionaccionistasbancosabadell.com\/ca\/wp-json\/wp\/v2\/tags?post=2128"}],"curies":[{"name":"wp","href":"https:\/\/api.w.org\/{rel}","templated":true}]}}