{"id":2140,"date":"2025-09-23T09:51:23","date_gmt":"2025-09-23T09:51:23","guid":{"rendered":"https:\/\/asociacionaccionistasbancosabadell.com\/?p=2140"},"modified":"2025-09-23T09:51:23","modified_gmt":"2025-09-23T09:51:23","slug":"la-veu-dels-accionistes-minoritaris-davant-la-cerimonia-de-confusio-del-bbva","status":"publish","type":"post","link":"https:\/\/asociacionaccionistasbancosabadell.com\/ca\/la-veu-dels-accionistes-minoritaris-davant-la-cerimonia-de-confusio-del-bbva\/","title":{"rendered":"La veu dels accionistes minoritaris davant la \u201ccerim\u00f2nia de confusi\u00f3\u201d del BBVA"},"content":{"rendered":"<p><b><span data-contrast=\"auto\">Sabadell, 23 de setembre de 2025.<\/span><\/b><span data-contrast=\"auto\"> En les \u00faltimes hores, la posici\u00f3 de l\u2019Associaci\u00f3 d\u2019Accionistes Minoritaris de Banc Sabadell ha tingut un ampli ress\u00f2 medi\u00e0tic arran de la nova proposta del BBVA.<\/span><span data-ccp-props=\"{}\">\u00a0<\/span><\/p>\n<p><span data-contrast=\"auto\">Els principals mitjans han recollit el nostre missatge: l\u2019oferta continua sent insuficient i genera m\u00e9s incertesa que garanties. Qualsevol OPA sense una prima m\u00ednima del 30% \u00e9s inacceptable i posa en risc als minoritaris, que podrien acabar assumint una c\u00e0rrega fiscal injusta.<\/span><span data-ccp-props=\"{}\">\u00a0<\/span><\/p>\n<p><span data-contrast=\"auto\">A m\u00e9s, denunciem la \u201ccerim\u00f2nia de confusi\u00f3\u201d desplegada pel BBVA, amb declaracions contradict\u00f2ries i estrat\u00e8gies de por que nom\u00e9s busquen desorientar el mercat i debilitar la confian\u00e7a dels accionistes.<\/span><span data-ccp-props=\"{}\">\u00a0<\/span><\/p>\n<p><span data-contrast=\"auto\">Des de l\u2019AAMBS mantenim una posici\u00f3 clara: Banc Sabadell t\u00e9 m\u00e9s recorregut i valor en solitari que sota la integraci\u00f3 amb el BBVA.<\/span><span data-ccp-props=\"{}\">\u00a0<\/span><\/p>\n","protected":false},"excerpt":{"rendered":"<p>La veu dels accionistes minoritaris davant la \u201ccerim\u00f2nia de confusi\u00f3\u201d del BBVA<\/p>\n","protected":false},"author":3,"featured_media":2135,"comment_status":"closed","ping_status":"closed","sticky":false,"template":"","format":"standard","meta":{"footnotes":""},"categories":[171],"tags":[],"class_list":["post-2140","post","type-post","status-publish","format-standard","has-post-thumbnail","hentry","category-actualitat"],"_links":{"self":[{"href":"https:\/\/asociacionaccionistasbancosabadell.com\/ca\/wp-json\/wp\/v2\/posts\/2140","targetHints":{"allow":["GET"]}}],"collection":[{"href":"https:\/\/asociacionaccionistasbancosabadell.com\/ca\/wp-json\/wp\/v2\/posts"}],"about":[{"href":"https:\/\/asociacionaccionistasbancosabadell.com\/ca\/wp-json\/wp\/v2\/types\/post"}],"author":[{"embeddable":true,"href":"https:\/\/asociacionaccionistasbancosabadell.com\/ca\/wp-json\/wp\/v2\/users\/3"}],"replies":[{"embeddable":true,"href":"https:\/\/asociacionaccionistasbancosabadell.com\/ca\/wp-json\/wp\/v2\/comments?post=2140"}],"version-history":[{"count":2,"href":"https:\/\/asociacionaccionistasbancosabadell.com\/ca\/wp-json\/wp\/v2\/posts\/2140\/revisions"}],"predecessor-version":[{"id":2142,"href":"https:\/\/asociacionaccionistasbancosabadell.com\/ca\/wp-json\/wp\/v2\/posts\/2140\/revisions\/2142"}],"wp:featuredmedia":[{"embeddable":true,"href":"https:\/\/asociacionaccionistasbancosabadell.com\/ca\/wp-json\/wp\/v2\/media\/2135"}],"wp:attachment":[{"href":"https:\/\/asociacionaccionistasbancosabadell.com\/ca\/wp-json\/wp\/v2\/media?parent=2140"}],"wp:term":[{"taxonomy":"category","embeddable":true,"href":"https:\/\/asociacionaccionistasbancosabadell.com\/ca\/wp-json\/wp\/v2\/categories?post=2140"},{"taxonomy":"post_tag","embeddable":true,"href":"https:\/\/asociacionaccionistasbancosabadell.com\/ca\/wp-json\/wp\/v2\/tags?post=2140"}],"curies":[{"name":"wp","href":"https:\/\/api.w.org\/{rel}","templated":true}]}}