{"id":2162,"date":"2025-10-02T13:28:31","date_gmt":"2025-10-02T13:28:31","guid":{"rendered":"https:\/\/asociacionaccionistasbancosabadell.com\/?p=2162"},"modified":"2025-10-02T13:28:31","modified_gmt":"2025-10-02T13:28:31","slug":"lassociacio-daccionistes-minoritaris-de-banc-sabadell-expressa-la-seva-desconfianca-sobre-els-motius-de-la-decisio-de-david-martinez-dacceptar-el-bescanvi-daccions","status":"publish","type":"post","link":"https:\/\/asociacionaccionistasbancosabadell.com\/ca\/lassociacio-daccionistes-minoritaris-de-banc-sabadell-expressa-la-seva-desconfianca-sobre-els-motius-de-la-decisio-de-david-martinez-dacceptar-el-bescanvi-daccions\/","title":{"rendered":"L\u2019Associaci\u00f3 d\u2019Accionistes Minoritaris de Banc Sabadell expressa la seva desconfian\u00e7a sobre els motius de la decisi\u00f3 de David Mart\u00ednez d\u2019acceptar el bescanvi d\u2019accions del BBVA"},"content":{"rendered":"<p><strong>Sabadell, 2 d\u2019octubre de 2025.<\/strong> L\u2019Associaci\u00f3 d\u2019Accionistes Minoritaris de Banc Sabadell expressa la seva desconfian\u00e7a sobre els motius que han portat a la recent decisi\u00f3 de David Mart\u00ednez d\u2019acceptar el bescanvi d\u2019accions del Sabadell per les de BBVA.<\/p>\n<p>Des de la nostra organitzaci\u00f3 considerem que la traject\u00f2ria i les circumst\u00e0ncies que envolten aquest accionista no representen un exemple a seguir per al conjunt dels inversors. En particular, volem destacar:<\/p>\n<ol>\n<li><strong>Estrat\u00e8gia especulativa i a curt termini<\/strong><\/li>\n<\/ol>\n<p>El Sr. Mart\u00ednez ha demostrat en diverses ocasions una pauta d\u2019inversi\u00f3 centrada a adquirir valors molt deprimits i desinvertir quan aquests s\u2019han recuperat i deixen de ser un valor d\u2019alt risc, sense tenir en compte la visi\u00f3 a llarg termini ni l\u2019inter\u00e8s del banc, dels seus clients ni dels seus petits accionistes.<\/p>\n<ol start=\"2\">\n<li><strong>Avantatges fiscals i resid\u00e8ncia q\u00fcestionables<\/strong><\/li>\n<\/ol>\n<p>No sent resident a Espanya, l\u2019accionista no suporta la mateixa c\u00e0rrega fiscal que la resta dels inversors nacionals. Fins i tot existeixen dubtes sobre si la seva estructura societ\u00e0ria es troba en jurisdiccions considerades paradisos fiscals, cosa que li atorga una posici\u00f3 clarament avantatjosa i aliena a la realitat de la resta d\u2019accionistes.<\/p>\n<ol start=\"3\">\n<li><strong>Relaci\u00f3 amb mercats d\u2019alt risc i conflictes d\u2019inter\u00e8s<\/strong><\/li>\n<\/ol>\n<p>Mart\u00ednez ha invertit en mercats complexos i de risc com l\u2019Argentina, Vene\u00e7uela i M\u00e8xic, a m\u00e9s de companyies (Telecom Argentina, Televisa) que han rebut finan\u00e7ament del BBVA. Aquests vincles generen sospites de possibles conflictes d\u2019inter\u00e8s que haurien de ser aclarits.<\/p>\n<ol start=\"4\">\n<li><strong>Historial d\u2019incompliments regulatoris<\/strong><\/li>\n<\/ol>\n<p>Recordem que el Sr. Mart\u00ednez va ser sancionat per la CNMV amb 300.000 euros, sanci\u00f3 posteriorment confirmada pel Tribunal Suprem, per no haver comunicat a temps la seva participaci\u00f3 a Sabadell. Un greu fet que reflecteix un incompliment de la normativa vigent.<\/p>\n<ol start=\"5\">\n<li><strong>Canvis de postura contradictoris<\/strong><\/li>\n<\/ol>\n<p>El setembre de 2025, fa tot just uns dies, va manifestar el seu rebuig a l\u2019operaci\u00f3 per considerar insuficient el preu ofert. No obstant aix\u00f2, ara li\u2019n dona suport al\u00b7legant motius estrat\u00e8gics i relegant el valor econ\u00f2mic a un segon pla. Aquests vaivens resulten contradictoris i generen leg\u00edtims dubtes sobre les seves veritables motivacions.<\/p>\n<ol start=\"6\">\n<li><strong>Possibles acords ocults<\/strong><\/li>\n<\/ol>\n<p>No podem descartar que la decisi\u00f3 estigui vinculada a un pacte amb el BBVA, que podria incloure contraprestacions no revelades. Aquest extrem hauria de ser aclarit amb total transpar\u00e8ncia per no minvar la confian\u00e7a dels accionistes minoritaris.<\/p>\n<p>L\u2019Associaci\u00f3 d\u2019Accionistes Minoritaris de Banc Sabadell considera que el comportament del Sr. Mart\u00ednez mereix un escrutini molt m\u00e9s rigor\u00f3s. <strong>La seva decisi\u00f3 d\u2019acceptar el canvi no s\u2019ha d\u2019interpretar com un referent<\/strong>, sin\u00f3 com un moviment ple d\u2019interrogants que compromet la transpar\u00e8ncia, la confian\u00e7a i els interessos dels petits inversors.<\/p>\n","protected":false},"excerpt":{"rendered":"<p>L\u2019Associaci\u00f3 d\u2019Accionistes Minoritaris de Banc Sabadell expressa la seva desconfian\u00e7a sobre els motius de la decisi\u00f3 de David Mart\u00ednez d\u2019acceptar el bescanvi d\u2019accions del BBVA<\/p>\n","protected":false},"author":3,"featured_media":2158,"comment_status":"closed","ping_status":"closed","sticky":false,"template":"","format":"standard","meta":{"footnotes":""},"categories":[171],"tags":[],"class_list":["post-2162","post","type-post","status-publish","format-standard","has-post-thumbnail","hentry","category-actualitat"],"_links":{"self":[{"href":"https:\/\/asociacionaccionistasbancosabadell.com\/ca\/wp-json\/wp\/v2\/posts\/2162","targetHints":{"allow":["GET"]}}],"collection":[{"href":"https:\/\/asociacionaccionistasbancosabadell.com\/ca\/wp-json\/wp\/v2\/posts"}],"about":[{"href":"https:\/\/asociacionaccionistasbancosabadell.com\/ca\/wp-json\/wp\/v2\/types\/post"}],"author":[{"embeddable":true,"href":"https:\/\/asociacionaccionistasbancosabadell.com\/ca\/wp-json\/wp\/v2\/users\/3"}],"replies":[{"embeddable":true,"href":"https:\/\/asociacionaccionistasbancosabadell.com\/ca\/wp-json\/wp\/v2\/comments?post=2162"}],"version-history":[{"count":2,"href":"https:\/\/asociacionaccionistasbancosabadell.com\/ca\/wp-json\/wp\/v2\/posts\/2162\/revisions"}],"predecessor-version":[{"id":2164,"href":"https:\/\/asociacionaccionistasbancosabadell.com\/ca\/wp-json\/wp\/v2\/posts\/2162\/revisions\/2164"}],"wp:featuredmedia":[{"embeddable":true,"href":"https:\/\/asociacionaccionistasbancosabadell.com\/ca\/wp-json\/wp\/v2\/media\/2158"}],"wp:attachment":[{"href":"https:\/\/asociacionaccionistasbancosabadell.com\/ca\/wp-json\/wp\/v2\/media?parent=2162"}],"wp:term":[{"taxonomy":"category","embeddable":true,"href":"https:\/\/asociacionaccionistasbancosabadell.com\/ca\/wp-json\/wp\/v2\/categories?post=2162"},{"taxonomy":"post_tag","embeddable":true,"href":"https:\/\/asociacionaccionistasbancosabadell.com\/ca\/wp-json\/wp\/v2\/tags?post=2162"}],"curies":[{"name":"wp","href":"https:\/\/api.w.org\/{rel}","templated":true}]}}