{"id":2225,"date":"2025-11-28T14:06:38","date_gmt":"2025-11-28T14:06:38","guid":{"rendered":"https:\/\/asociacionaccionistasbancosabadell.com\/?p=2225"},"modified":"2025-11-28T14:06:38","modified_gmt":"2025-11-28T14:06:38","slug":"proposta-sobre-lexempcio-fiscal-en-limpost-de-patrimoni","status":"publish","type":"post","link":"https:\/\/asociacionaccionistasbancosabadell.com\/ca\/proposta-sobre-lexempcio-fiscal-en-limpost-de-patrimoni\/","title":{"rendered":"Proposta sobre l&#8217;exempci\u00f3 fiscal en l&#8217;Impost de Patrimoni"},"content":{"rendered":"<p>Des de l&#8217;Associaci\u00f3 d&#8217;Accionistes Minoritaris de Banc Sabadell considerem rellevant la informaci\u00f3 publicada per El Debate sobre la iniciativa que proposa eximir de tributar en l&#8217;Impost de Patrimoni les participacions minorit\u00e0ries en societats cotitzades, sempre que es mantinguin durant almenys tres anys.<\/p>\n<p>La mesura busca incentivar l&#8217;estalvi estable, alinear-se amb les directrius europees i corregir distorsions actuals de l&#8217;impost.<\/p>\n<p>Pots consultar la not\u00edcia completa a El Debate: <strong><span style=\"color: #0000ff\"><a style=\"color: #0000ff\" href=\"https:\/\/www.eldebate.com\/economia\/20251125\/pequenos-inversores-mueven-entre-partidos-posible-exencion-participaciones-impuesto-patrimonio_358370.html\" target=\"_blank\" rel=\"noopener\">https:\/\/www.eldebate.com\/economia\/20251125\/pequenos-inversores-mueven-entre-partidos-posible-exencion-participaciones-impuesto-patrimonio_358370.html\u00a0<\/a><\/span><\/strong><\/p>\n","protected":false},"excerpt":{"rendered":"<p>Proposta sobre l&#8217;exempci\u00f3 fiscal en l&#8217;Impost de Patrimoni<\/p>\n","protected":false},"author":3,"featured_media":2219,"comment_status":"closed","ping_status":"closed","sticky":false,"template":"","format":"standard","meta":{"footnotes":""},"categories":[1],"tags":[],"class_list":["post-2225","post","type-post","status-publish","format-standard","has-post-thumbnail","hentry","category-sin-categorizar"],"_links":{"self":[{"href":"https:\/\/asociacionaccionistasbancosabadell.com\/ca\/wp-json\/wp\/v2\/posts\/2225","targetHints":{"allow":["GET"]}}],"collection":[{"href":"https:\/\/asociacionaccionistasbancosabadell.com\/ca\/wp-json\/wp\/v2\/posts"}],"about":[{"href":"https:\/\/asociacionaccionistasbancosabadell.com\/ca\/wp-json\/wp\/v2\/types\/post"}],"author":[{"embeddable":true,"href":"https:\/\/asociacionaccionistasbancosabadell.com\/ca\/wp-json\/wp\/v2\/users\/3"}],"replies":[{"embeddable":true,"href":"https:\/\/asociacionaccionistasbancosabadell.com\/ca\/wp-json\/wp\/v2\/comments?post=2225"}],"version-history":[{"count":1,"href":"https:\/\/asociacionaccionistasbancosabadell.com\/ca\/wp-json\/wp\/v2\/posts\/2225\/revisions"}],"predecessor-version":[{"id":2226,"href":"https:\/\/asociacionaccionistasbancosabadell.com\/ca\/wp-json\/wp\/v2\/posts\/2225\/revisions\/2226"}],"wp:featuredmedia":[{"embeddable":true,"href":"https:\/\/asociacionaccionistasbancosabadell.com\/ca\/wp-json\/wp\/v2\/media\/2219"}],"wp:attachment":[{"href":"https:\/\/asociacionaccionistasbancosabadell.com\/ca\/wp-json\/wp\/v2\/media?parent=2225"}],"wp:term":[{"taxonomy":"category","embeddable":true,"href":"https:\/\/asociacionaccionistasbancosabadell.com\/ca\/wp-json\/wp\/v2\/categories?post=2225"},{"taxonomy":"post_tag","embeddable":true,"href":"https:\/\/asociacionaccionistasbancosabadell.com\/ca\/wp-json\/wp\/v2\/tags?post=2225"}],"curies":[{"name":"wp","href":"https:\/\/api.w.org\/{rel}","templated":true}]}}